{"id":5206,"date":"2024-08-07T09:00:43","date_gmt":"2024-08-07T07:00:43","guid":{"rendered":"https:\/\/blog.airdolomiti.it\/?p=5206"},"modified":"2024-08-05T14:56:06","modified_gmt":"2024-08-05T12:56:06","slug":"venedig-im-glanz-der-filmfestspiele","status":"publish","type":"post","link":"https:\/\/blog.airdolomiti.it\/de\/venedig-im-glanz-der-filmfestspiele\/","title":{"rendered":"VENEDIG IM GLANZ DER FILMFESTSPIELE"},"content":{"rendered":"<span class=\"rt-reading-time\" style=\"display: block;\"><span class=\"rt-label rt-prefix\">Reading Time: <\/span> <span class=\"rt-time\">3<\/span> <span class=\"rt-label rt-postfix\">minutes<\/span><\/span><h3>Filmstars sind f\u00fcr dich unerreichbare G\u00f6tter des Olymps? Dann warst du noch nie w\u00e4hrend der Filmfestspiele in Venedig. In den engen Gassen der Stadt k\u00f6nnte es tats\u00e4chlich passieren, dass dir, sagen wir mal, Leonardo DiCaprio \u00fcber den Weg l\u00e4uft.<\/h3>\n<p>Die <a href=\"https:\/\/www.labiennale.org\/en\/cinema\/2024\">Internationalen Filmfestspiele von Venedig<\/a>, eines der renommiertesten Filmfestivals der Welt, ziehen seit ihrer Gr\u00fcndung im August 1932 Filmbegeisterte, Kunstschaffende und Neugierige an.<\/p>\n<p><img loading=\"lazy\" class=\"aligncenter wp-image-5185 size-large\" src=\"https:\/\/blog.airdolomiti.it\/wp-content\/uploads\/2024\/08\/1019px-Mostra_di_Venezia_al_Palazzo_Ducale_1947-1024x723.jpg\" alt=\"\" width=\"696\" height=\"491\" srcset=\"https:\/\/blog.airdolomiti.it\/wp-content\/uploads\/2024\/08\/1019px-Mostra_di_Venezia_al_Palazzo_Ducale_1947-1024x723.jpg 1024w, https:\/\/blog.airdolomiti.it\/wp-content\/uploads\/2024\/08\/1019px-Mostra_di_Venezia_al_Palazzo_Ducale_1947-300x212.jpg 300w, https:\/\/blog.airdolomiti.it\/wp-content\/uploads\/2024\/08\/1019px-Mostra_di_Venezia_al_Palazzo_Ducale_1947-768x543.jpg 768w, https:\/\/blog.airdolomiti.it\/wp-content\/uploads\/2024\/08\/1019px-Mostra_di_Venezia_al_Palazzo_Ducale_1947-696x492.jpg 696w, https:\/\/blog.airdolomiti.it\/wp-content\/uploads\/2024\/08\/1019px-Mostra_di_Venezia_al_Palazzo_Ducale_1947-1392x983.jpg 1392w, https:\/\/blog.airdolomiti.it\/wp-content\/uploads\/2024\/08\/1019px-Mostra_di_Venezia_al_Palazzo_Ducale_1947-1068x754.jpg 1068w, https:\/\/blog.airdolomiti.it\/wp-content\/uploads\/2024\/08\/1019px-Mostra_di_Venezia_al_Palazzo_Ducale_1947-100x70.jpg 100w, https:\/\/blog.airdolomiti.it\/wp-content\/uploads\/2024\/08\/1019px-Mostra_di_Venezia_al_Palazzo_Ducale_1947-200x140.jpg 200w, https:\/\/blog.airdolomiti.it\/wp-content\/uploads\/2024\/08\/1019px-Mostra_di_Venezia_al_Palazzo_Ducale_1947.jpg 1400w\" sizes=\"(max-width: 696px) 100vw, 696px\" \/><\/p>\n<p>W\u00e4hrend der Filmfestspiele verwandelt sich ganz<strong> Venedig<\/strong> in ein Filmset mit <strong>Open-Air-Kino, exklusiven Events und kulturellen Begegnungen<\/strong> mit international bekannten Regisseuren und Schauspielern. Die Stadt erstrahlt im Glanz der Lichter und Farben, die Kan\u00e4le sind voll mit Motorbooten, Promis und Paparazzi \u2013 ein unvergessliches Erlebnis.<\/p>\n<h4>Die Filmfestspiele von Venedig: Filme, die Geschichte schrieben<\/h4>\n<p><strong>Die Filmfestspiele von Venedig <\/strong>finden j\u00e4hrlich statt (obwohl sie Teil der Biennale von Venedig sind, die nur alle zwei Jahre stattfindet) und sind das \u00e4lteste Filmfestival \u00fcberhaupt.<\/p>\n<p><img loading=\"lazy\" class=\"aligncenter wp-image-5188 size-large\" src=\"https:\/\/blog.airdolomiti.it\/wp-content\/uploads\/2024\/08\/4977429281_6e0991740a_h-1024x768.jpg\" alt=\"\" width=\"696\" height=\"522\" srcset=\"https:\/\/blog.airdolomiti.it\/wp-content\/uploads\/2024\/08\/4977429281_6e0991740a_h-1024x768.jpg 1024w, https:\/\/blog.airdolomiti.it\/wp-content\/uploads\/2024\/08\/4977429281_6e0991740a_h-300x225.jpg 300w, https:\/\/blog.airdolomiti.it\/wp-content\/uploads\/2024\/08\/4977429281_6e0991740a_h-768x576.jpg 768w, https:\/\/blog.airdolomiti.it\/wp-content\/uploads\/2024\/08\/4977429281_6e0991740a_h-696x522.jpg 696w, https:\/\/blog.airdolomiti.it\/wp-content\/uploads\/2024\/08\/4977429281_6e0991740a_h-1392x1044.jpg 1392w, https:\/\/blog.airdolomiti.it\/wp-content\/uploads\/2024\/08\/4977429281_6e0991740a_h-1068x801.jpg 1068w, https:\/\/blog.airdolomiti.it\/wp-content\/uploads\/2024\/08\/4977429281_6e0991740a_h-80x60.jpg 80w, https:\/\/blog.airdolomiti.it\/wp-content\/uploads\/2024\/08\/4977429281_6e0991740a_h-160x120.jpg 160w, https:\/\/blog.airdolomiti.it\/wp-content\/uploads\/2024\/08\/4977429281_6e0991740a_h.jpg 1400w\" sizes=\"(max-width: 696px) 100vw, 696px\" \/><\/p>\n<p>Im Laufe seines 80-j\u00e4hrigen Bestehens hat das Festival einige <strong>Meilensteine in der Filmgeschichte<\/strong> gesetzt. Ein paar Beispiele gef\u00e4llig?<\/p>\n<ul>\n<li><em>Frankenstein<\/em> von James Whale (1931). Dieser expressionistische Film \u2013 einer der ersten Horrorfilme \u00fcberhaupt \u2013 wurde 1932 bei den 1. Internationalen Filmfestspielen von Venedig (w\u00e4hrend der 18. Biennale) gezeigt, lockte \u00fcber 25.000 Zuschauer an und stellte einen Kassenrekord auf.<\/li>\n<li><em>Rashomon<\/em> \u2013 Das Lustw\u00e4ldchen von Akira Kurosawa (1950). Kurosawas bahnbrechender Film, der mit \u00e4u\u00dferst schmalem Budget gedreht wurde, gewann 1951 auf der 12. Biennale den Goldenen L\u00f6wen f\u00fcr den besten Film und im darauffolgenden Jahr den Oscar als bester fremdsprachiger Film.<\/li>\n<li><em>Belle de Jour<\/em> \u2013 Sch\u00f6ne des Tages von Luis Bu\u00f1uel (1967). Der Film mit Catherine Deneuve in der Hauptrolle l\u00f6ste einen Riesenskandal aus und wurde in der italienischen Fassung an mehreren Stellen von der Zensur gek\u00fcrzt. Von der Kritik hingegen wurde er als k\u00fcnstlerisch herausragend gelobt und bei der 28. Festivalausgabe mit dem Goldenen L\u00f6wen ausgezeichnet.<\/li>\n<li><em>Der Stand der Dinge<\/em> von Wim Wenders (1982). Der auf den 39. Filmfestspielen von Venedig vorgestellte Spielfilm ist eine kritische Reflexion \u00fcber die Filmindustrie. Die Auszeichnung mit dem Goldenen L\u00f6wen begr\u00fcndete Wenders\u2019 Ruf in der internationalen Filmszene der 1980er Jahre.<\/li>\n<li><em>Brokeback Mountain<\/em> von Ang Lee (2005). Immer wieder hat sich das Festival von Venedig mutigen Geschichten und gesellschaftskritischen Themen gewidmet. Der Film mit Heath Ledger und Jake Gyllenhaal in den Hauptrollen l\u00f6ste eine weltweite Diskussion \u00fcber gleichgeschlechtliche Liebe und Akzeptanz aus. Er wurde mit dem Goldenen L\u00f6wen ausgezeichnet und erntete das Lob der Kritik.<\/li>\n<\/ul>\n<h3><span style=\"font-weight: 400;\">Die 81. Internationalen Filmfestspiele von Venedig (28. August &#8211; 7. September 2024) \u2013 alles Wissenswerte<\/span><\/h3>\n<p>Die glanzvollen 81. Internationalen Filmfestspiele von Venedig finden 2024 unter der Leitung von Alberto Barbera <strong>vom 28. August bis zum 7. September<\/strong> am Lido di Venezia statt.<\/p>\n<p><img loading=\"lazy\" class=\"aligncenter wp-image-5191 size-large\" src=\"https:\/\/blog.airdolomiti.it\/wp-content\/uploads\/2024\/08\/iStock-1408827514-1024x678.jpg\" alt=\"\" width=\"696\" height=\"461\" srcset=\"https:\/\/blog.airdolomiti.it\/wp-content\/uploads\/2024\/08\/iStock-1408827514-1024x678.jpg 1024w, https:\/\/blog.airdolomiti.it\/wp-content\/uploads\/2024\/08\/iStock-1408827514-300x199.jpg 300w, https:\/\/blog.airdolomiti.it\/wp-content\/uploads\/2024\/08\/iStock-1408827514-768x509.jpg 768w, https:\/\/blog.airdolomiti.it\/wp-content\/uploads\/2024\/08\/iStock-1408827514-696x461.jpg 696w, https:\/\/blog.airdolomiti.it\/wp-content\/uploads\/2024\/08\/iStock-1408827514-1392x922.jpg 1392w, https:\/\/blog.airdolomiti.it\/wp-content\/uploads\/2024\/08\/iStock-1408827514-1068x707.jpg 1068w, https:\/\/blog.airdolomiti.it\/wp-content\/uploads\/2024\/08\/iStock-1408827514.jpg 1400w\" sizes=\"(max-width: 696px) 100vw, 696px\" \/><\/p>\n<p>In diesem Jahr \u00fcbernimmt <strong>Isabelle Huppert<\/strong>, eine der international meist ausgezeichneten Schauspielerinnen, den Vorsitz der Jury, die den Goldenen L\u00f6wen f\u00fcr den besten Film und weitere offizielle Preise verleihen wird. Unter den diesj\u00e4hrigen Preistr\u00e4gern sind unter anderem die Schauspielerin <strong>Sigourney Weaver<\/strong> und der Regisseur <strong>Peter Weir<\/strong>, welche beide mit dem Goldenen L\u00f6wen f\u00fcr ihr Lebenswerk ausgezeichnet werden.<\/p>\n<p>Als Er\u00f6ffnungsfilm steht <em><strong>Beetlejuice Beetlejuice<\/strong><\/em> von Tim Burton mit einer absoluten Starbesetzung fest: Michael Keaton, Winona Ryder, Catherine O\u2019Hara, Justin Theroux, Monica Bellucci, Jenna Ortega und Willem Dafoe. Der Film <em><strong>Nonostante<\/strong><\/em> von und mit Valerio Mastandrea wurde als Er\u00f6ffnungsfilm der Sektion <em>Orizzonti<\/em> (dt.: Horizonte) ausgew\u00e4hlt. F\u00fcr die Sektion <em>Orizzonti Extra<\/em> fiel die Wahl auf<strong><em> September 5<\/em><\/strong> von Tim Fehlbaum.<\/p>\n<p>F\u00fcr Liebhaber von Filmklassikern zeigt die Sektion <strong>\u201eVenice Classics\u201c<\/strong> eine Auswahl von 18 Filmen, die zu den besten Restaurierungen des letzten Jahres geh\u00f6ren. Absolute Highlights sind <em>Die Nacht<\/em> von Michelangelo Antonioni, <em>Die Nichtstuer<\/em> von Nanni Moretti und <em>Hingerissen von einem ungew\u00f6hnlichen Schicksal im azurblauen Meer im August<\/em> von Lina Wertmuller.<\/p>\n\t\t\r\n\t\t\t\r\n\r\n\t\t<style>\r\n\t\t\t#fca_qc_quiz_4747.fca_qc_quiz p:not( .fca_qc_back_response ):not( #fca_qc_question_right_or_wrong ):not( .fca_qc_question_response_correct_answer ):not( .fca_qc_question_response_response ):not( .fca_qc_question_response_hint ):not( .fca_qc_question_response_item p ),\r\n\t\t\t#fca_qc_quiz_4747.fca_qc_quiz a:not( .fca_qc_share_link ),\r\n\t\t\t#fca_qc_quiz_4747.fca_qc_quiz div:not( .correct-answer ):not( .wrong-answer ){\r\n\t\t\t\tcolor: #151515;\r\n\t\t\t}\r\n\r\n\t\t\t#fca_qc_quiz_4747.fca_qc_quiz div.fca-qc-back.correct-answer,\r\n\t\t\t#fca_qc_quiz_4747.fca_qc_quiz div.fca_qc_question_response_item.correct-answer {\r\n\t\t\t\tbackground-color: #abdc8c;\r\n\t\t\t}\r\n\r\n\t\t\t#fca_qc_quiz_4747.fca_qc_quiz div.fca-qc-back.wrong-answer,\r\n\t\t\t#fca_qc_quiz_4747.fca_qc_quiz div.fca_qc_question_response_item.wrong-answer {\r\n\t\t\t\tbackground-color: #f57484;\r\n\t\t\t}\r\n\r\n\t\t\t#fca_qc_quiz_4747.fca_qc_quiz div.fca_qc_question_response_item p {\r\n\t\t\t\tcolor: #151515;\r\n\t\t\t}\r\n\r\n\t\t\t#fca_qc_quiz_4747.fca_qc_quiz{\r\n\t\t\t\tborder: #151515 0px solid;\r\n\t\t\t\tborder-radius: 0pxpx;\r\n\t\t\t}\r\n\r\n\t\t\t#fca_qc_quiz_4747.fca_qc_quiz button.fca_qc_next_question {\r\n\t\t\t\tcolor: #151515;\r\n\t\t\t\tborder: #151515 2px solid;\r\n\t\t\t\tbackground-color:  transparent;\r\n\t\t\t}\r\n\r\n\t\t\t#fca_qc_quiz_4747.fca_qc_quiz button.fca_qc_next_question:hover {\r\n\t\t\t\tbackground-color: #FFFFFF;\r\n\t\t\t}\r\n\r\n\t\t\t#fca_qc_quiz_4747.fca_qc_quiz button.fca_qc_button {\r\n\t\t\t\tbackground-color: #58afa2;\r\n\t\t\t\tbox-shadow: 0 2px 0 0 #3c7d73;\r\n\t\t\t\tcolor: #FFFFFF;\r\n\t\t\t}\r\n\r\n\t\t\t#fca_qc_quiz_4747.fca_qc_quiz button.fca_qc_button:hover {\r\n\t\t\t\tbackground-color: #3c7d73;\r\n\t\t\t}\r\n\t\t\t\r\n\t\t\t#fca_qc_quiz_4747.fca_qc_quiz div.fca_qc_answer_div {\r\n\t\t\t\tbackground-color: #6d6d6d;\r\n\t\t\t\tborder: #6d6d6d 0px solid;\r\n\t\t\t}\r\n\r\n\t\t\t#fca_qc_quiz_4747.fca_qc_quiz div.fca_qc_answer_div.fakehover,\r\n\t\t\t#fca_qc_quiz_4747.fca_qc_quiz div.fca_qc_answer_div:active {\r\n\t\t\t\tbackground-color: #6868ac;\r\n\t\t\t}\r\n\r\n\t\t\t#fca_qc_quiz_4747.fca_qc_quiz span.fca_qc_answer_span {\r\n\t\t\t\tcolor: #ffffff;\r\n\t\t\t}\r\n\r\n\t\t\t\t\t<\/style>\r\n\t\t\t\r\n\t\t<div class='fca_qc_quiz' id='fca_qc_quiz_4747'>\r\n\t\t\t<span class='fca_qc_mobile_check'><\/span>\r\n\t\t\t\t\t\t<p class='fca_qc_quiz_title'>Traumziele<\/p>\r\n\t\t\t<div class='fca_qc_quiz_description'>Wie gut kennst du die Reiseziele von Air Dolomiti?<\/div>\r\n\t\t\t<img class='fca_qc_quiz_description_img' src='https:\/\/blog.airdolomiti.it\/wp-content\/uploads\/2024\/03\/foto_quiz_avgeek_black-683x1024.jpg'>\r\n\t\t\t<button type='button' class='fca_qc_button fca_qc_start_button'>Start<\/button>\r\n\t\t\t\t\t\t\r\n\t\t\t<div class='flip-container fca_qc_quiz_div' style='display: none;'>\r\n\r\n\t\t\t\t\t\t\t\t<div class='fca-qc-flipper'>\r\n\t\t\t\t\t<div class='fca-qc-front' id='fca_qc_answer_container'><p id='fca_qc_question'>Anfrage<\/p><img class='fca_qc_quiz_question_img' src=''><div class='fca_qc_answer_div' data-question='1'><img class='fca_qc_quiz_answer_img' src=''><span class='fca_qc_answer_span'><\/span><\/div><div class='fca_qc_answer_div' data-question='2'><img class='fca_qc_quiz_answer_img' src=''><span class='fca_qc_answer_span'><\/span><\/div><div class='fca_qc_answer_div' data-question='3'><img class='fca_qc_quiz_answer_img' src=''><span class='fca_qc_answer_span'><\/span><\/div><div class='fca_qc_answer_div' data-question='4'><img class='fca_qc_quiz_answer_img' src=''><span class='fca_qc_answer_span'><\/span><\/div><\/div> \r\n\t\t\t\t\t<div class='fca-qc-back' id='fca_qc_back_container'><p style='color: #000' id='fca_qc_question_right_or_wrong'><\/p><img class='fca_qc_quiz_question_img' src=''><span style='color: #000' id='fca_qc_question_back'><\/span><p style='color: #000' id='fca_qc_back_response_p' class='fca_qc_back_response'>Deine Antwort: <span id='fca_qc_your_answer'><\/span><\/p><p style='color: #000' id='fca_qc_correct_answer_p' class='fca_qc_back_response'>Korrekte Antwort: <span id='fca_qc_correct_answer'><\/span><\/p><p style='color: #000' id='fca_qc_hint_p' class='fca_qc_back_response'><\/p><button type='button' class='fca_qc_next_question'>Next<\/button><\/div> \r\n\t\t\t\t\t\r\n\t\t\t\t<\/div>\r\n\t\t\t<\/div>\r\n\t\t\t<div class='fca_qc_score_container' style='display:none;'><div class='fca_qc_score_text'>Sie haben {{SCORE_CORRECT}} von {{SCORE_TOTAL}} <\/div><div class='fca_qc_score_time'><\/div><div class='fca_qc_score_title'><\/div><img class='fca_qc_score_img' src=''><div class='fca_qc_score_desc'><\/div><\/div> \r\n\t\t\t\r\n\t\t\t<div class='fca_qc_quiz_footer' style='display: none;'>\r\n\t\t\t\t<span class='fca_qc_question_count'><\/span>\t\t\r\n\t\t\t<\/div>\r\n\t\t\t\t\t\t\r\n\t\t\t<div class='fca_qc_your_answer_container' style='display:none;'><p class='fca_qc_your_answers_text'>Deine Antworten<\/p><div class='fca_qc_insert_response_above'><\/div><\/div> \r\n\t\t\t\r\n\t\t\t\r\n\t\t\t\r\n\t\t<\/div>\r\n\t\t\n<h3><\/h3>\n","protected":false},"excerpt":{"rendered":"<p>Filmstars sind f\u00fcr dich unerreichbare G\u00f6tter des Olymps? Dann warst du noch nie w\u00e4hrend der Filmfestspiele in Venedig. In den engen Gassen der Stadt k\u00f6nnte es tats\u00e4chlich passieren, dass dir, sagen wir mal, Leonardo DiCaprio \u00fcber den Weg l\u00e4uft. Die Internationalen Filmfestspiele von Venedig, eines der renommiertesten Filmfestivals der Welt, ziehen seit ihrer Gr\u00fcndung im [&hellip;]<\/p>\n","protected":false},"author":5,"featured_media":5196,"comment_status":"closed","ping_status":"closed","sticky":false,"template":"","format":"standard","meta":[],"categories":[156],"tags":[1100,1099],"acf":[],"yoast_head":"<!-- This site is optimized with the Yoast SEO plugin v19.0 - https:\/\/yoast.com\/wordpress\/plugins\/seo\/ -->\n<title>VENEDIG IM GLANZ DER FILMFESTSPIELE | Air Dolomiti Blog<\/title>\n<meta name=\"description\" content=\"Die Internationalen Filmfestspiele von Venedig, eines der renommiertesten Filmfestivals der Welt, ziehen seit ihrer Gr\u00fcndung im August 1932 Filmbegeisterte, Kunstschaffende und Neugierige an.\" \/>\n<meta name=\"robots\" content=\"index, follow, max-snippet:-1, max-image-preview:large, max-video-preview:-1\" \/>\n<link rel=\"canonical\" href=\"https:\/\/blog.airdolomiti.it\/visitare-venezia-durante-la-mostra-del-cinema\/\" \/>\n<meta property=\"og:locale\" content=\"de_DE\" \/>\n<meta property=\"og:type\" content=\"article\" \/>\n<meta property=\"og:title\" content=\"VENEDIG IM GLANZ DER FILMFESTSPIELE | Air Dolomiti Blog\" \/>\n<meta property=\"og:description\" content=\"Die Internationalen Filmfestspiele von Venedig, eines der renommiertesten Filmfestivals der Welt, ziehen seit ihrer Gr\u00fcndung im August 1932 Filmbegeisterte, Kunstschaffende und Neugierige an.\" \/>\n<meta property=\"og:url\" content=\"https:\/\/blog.airdolomiti.it\/visitare-venezia-durante-la-mostra-del-cinema\/\" \/>\n<meta property=\"og:site_name\" content=\"Air Dolomiti Blog\" \/>\n<meta property=\"article:publisher\" content=\"https:\/\/www.facebook.com\/AirDolomiti\/\" \/>\n<meta property=\"article:published_time\" content=\"2024-08-07T07:00:43+00:00\" \/>\n<meta property=\"article:modified_time\" content=\"2024-08-05T12:56:06+00:00\" \/>\n<meta property=\"og:image\" content=\"https:\/\/blog.airdolomiti.it\/wp-content\/uploads\/2024\/08\/iStock-2117702185-1.jpg\" \/>\n\t<meta property=\"og:image:width\" content=\"1400\" \/>\n\t<meta property=\"og:image:height\" content=\"926\" \/>\n\t<meta property=\"og:image:type\" content=\"image\/jpeg\" \/>\n<meta name=\"twitter:card\" content=\"summary_large_image\" \/>\n<meta name=\"twitter:creator\" content=\"@Air_Dolomiti\" \/>\n<meta name=\"twitter:site\" content=\"@Air_Dolomiti\" \/>\n<meta name=\"twitter:label1\" content=\"Verfasst von\" \/>\n\t<meta name=\"twitter:data1\" content=\"Air Dolomiti\" \/>\n\t<meta name=\"twitter:label2\" content=\"Gesch\u00e4tzte Lesezeit\" \/>\n\t<meta name=\"twitter:data2\" content=\"4\u00a0Minuten\" \/>\n<script type=\"application\/ld+json\" class=\"yoast-schema-graph\">{\"@context\":\"https:\/\/schema.org\",\"@graph\":[{\"@type\":\"Organization\",\"@id\":\"https:\/\/blog.airdolomiti.it\/#organization\",\"name\":\"Air Dolomiti spa\",\"url\":\"https:\/\/blog.airdolomiti.it\/\",\"sameAs\":[\"https:\/\/www.instagram.com\/airdolomitispa\/\",\"https:\/\/www.facebook.com\/AirDolomiti\/\",\"https:\/\/twitter.com\/Air_Dolomiti\"],\"logo\":{\"@type\":\"ImageObject\",\"inLanguage\":\"de\",\"@id\":\"https:\/\/blog.airdolomiti.it\/#\/schema\/logo\/image\/\",\"url\":\"https:\/\/blog.airdolomiti.it\/wp-content\/uploads\/2018\/01\/dolomiti-logo.jpg\",\"contentUrl\":\"https:\/\/blog.airdolomiti.it\/wp-content\/uploads\/2018\/01\/dolomiti-logo.jpg\",\"width\":512,\"height\":512,\"caption\":\"Air Dolomiti spa\"},\"image\":{\"@id\":\"https:\/\/blog.airdolomiti.it\/#\/schema\/logo\/image\/\"}},{\"@type\":\"WebSite\",\"@id\":\"https:\/\/blog.airdolomiti.it\/#website\",\"url\":\"https:\/\/blog.airdolomiti.it\/\",\"name\":\"Air Dolomiti Blog\",\"description\":\"ufficiale\",\"publisher\":{\"@id\":\"https:\/\/blog.airdolomiti.it\/#organization\"},\"potentialAction\":[{\"@type\":\"SearchAction\",\"target\":{\"@type\":\"EntryPoint\",\"urlTemplate\":\"https:\/\/blog.airdolomiti.it\/?s={search_term_string}\"},\"query-input\":\"required name=search_term_string\"}],\"inLanguage\":\"de\"},{\"@type\":\"ImageObject\",\"inLanguage\":\"de\",\"@id\":\"https:\/\/blog.airdolomiti.it\/visitare-venezia-durante-la-mostra-del-cinema\/#primaryimage\",\"url\":\"https:\/\/blog.airdolomiti.it\/wp-content\/uploads\/2024\/08\/iStock-2117702185-1.jpg\",\"contentUrl\":\"https:\/\/blog.airdolomiti.it\/wp-content\/uploads\/2024\/08\/iStock-2117702185-1.jpg\",\"width\":1400,\"height\":926},{\"@type\":\"WebPage\",\"@id\":\"https:\/\/blog.airdolomiti.it\/visitare-venezia-durante-la-mostra-del-cinema\/#webpage\",\"url\":\"https:\/\/blog.airdolomiti.it\/visitare-venezia-durante-la-mostra-del-cinema\/\",\"name\":\"VENEDIG IM GLANZ DER FILMFESTSPIELE | Air Dolomiti Blog\",\"isPartOf\":{\"@id\":\"https:\/\/blog.airdolomiti.it\/#website\"},\"primaryImageOfPage\":{\"@id\":\"https:\/\/blog.airdolomiti.it\/visitare-venezia-durante-la-mostra-del-cinema\/#primaryimage\"},\"datePublished\":\"2024-08-07T07:00:43+00:00\",\"dateModified\":\"2024-08-05T12:56:06+00:00\",\"description\":\"Die Internationalen Filmfestspiele von Venedig, eines der renommiertesten Filmfestivals der Welt, ziehen seit ihrer Gr\u00fcndung im August 1932 Filmbegeisterte, Kunstschaffende und Neugierige an.\",\"breadcrumb\":{\"@id\":\"https:\/\/blog.airdolomiti.it\/visitare-venezia-durante-la-mostra-del-cinema\/#breadcrumb\"},\"inLanguage\":\"de\",\"potentialAction\":[{\"@type\":\"ReadAction\",\"target\":[\"https:\/\/blog.airdolomiti.it\/visitare-venezia-durante-la-mostra-del-cinema\/\"]}]},{\"@type\":\"BreadcrumbList\",\"@id\":\"https:\/\/blog.airdolomiti.it\/visitare-venezia-durante-la-mostra-del-cinema\/#breadcrumb\",\"itemListElement\":[{\"@type\":\"ListItem\",\"position\":1,\"name\":\"Home\",\"item\":\"https:\/\/blog.airdolomiti.it\/\"},{\"@type\":\"ListItem\",\"position\":2,\"name\":\"Destinazioni\",\"item\":\"https:\/\/blog.airdolomiti.it\/category\/destinazioni\/\"},{\"@type\":\"ListItem\",\"position\":3,\"name\":\"VENEDIG IM GLANZ DER FILMFESTSPIELE\"}]},{\"@type\":\"Article\",\"@id\":\"https:\/\/blog.airdolomiti.it\/visitare-venezia-durante-la-mostra-del-cinema\/#article\",\"isPartOf\":{\"@id\":\"https:\/\/blog.airdolomiti.it\/visitare-venezia-durante-la-mostra-del-cinema\/#webpage\"},\"author\":{\"@id\":\"https:\/\/blog.airdolomiti.it\/#\/schema\/person\/58fcd552945b972e5e6ea0a6886a65d4\"},\"headline\":\"VENEDIG IM GLANZ DER FILMFESTSPIELE\",\"datePublished\":\"2024-08-07T07:00:43+00:00\",\"dateModified\":\"2024-08-05T12:56:06+00:00\",\"mainEntityOfPage\":{\"@id\":\"https:\/\/blog.airdolomiti.it\/visitare-venezia-durante-la-mostra-del-cinema\/#webpage\"},\"wordCount\":616,\"publisher\":{\"@id\":\"https:\/\/blog.airdolomiti.it\/#organization\"},\"image\":{\"@id\":\"https:\/\/blog.airdolomiti.it\/visitare-venezia-durante-la-mostra-del-cinema\/#primaryimage\"},\"thumbnailUrl\":\"https:\/\/blog.airdolomiti.it\/wp-content\/uploads\/2024\/08\/iStock-2117702185-1.jpg\",\"keywords\":[\"venedig\",\"Venezia\"],\"articleSection\":[\"Traumziele\"],\"inLanguage\":\"de\"},{\"@type\":\"Person\",\"@id\":\"https:\/\/blog.airdolomiti.it\/#\/schema\/person\/58fcd552945b972e5e6ea0a6886a65d4\",\"name\":\"Air Dolomiti\",\"image\":{\"@type\":\"ImageObject\",\"inLanguage\":\"de\",\"@id\":\"https:\/\/blog.airdolomiti.it\/#\/schema\/person\/image\/\",\"url\":\"https:\/\/blog.airdolomiti.it\/wp-content\/uploads\/2018\/02\/dolomiti-logo_avatar-150x150.jpg\",\"contentUrl\":\"https:\/\/blog.airdolomiti.it\/wp-content\/uploads\/2018\/02\/dolomiti-logo_avatar-150x150.jpg\",\"caption\":\"Air Dolomiti\"},\"description\":\"Sei appassionato di aviazione e scrittura? Scrivi alla redazione e il nostro prossimo autore potresti essere tu.\"}]}<\/script>\n<!-- \/ Yoast SEO plugin. -->","yoast_head_json":{"title":"VENEDIG IM GLANZ DER FILMFESTSPIELE | Air Dolomiti Blog","description":"Die Internationalen Filmfestspiele von Venedig, eines der renommiertesten Filmfestivals der Welt, ziehen seit ihrer Gr\u00fcndung im August 1932 Filmbegeisterte, Kunstschaffende und Neugierige an.","robots":{"index":"index","follow":"follow","max-snippet":"max-snippet:-1","max-image-preview":"max-image-preview:large","max-video-preview":"max-video-preview:-1"},"canonical":"https:\/\/blog.airdolomiti.it\/visitare-venezia-durante-la-mostra-del-cinema\/","og_locale":"de_DE","og_type":"article","og_title":"VENEDIG IM GLANZ DER FILMFESTSPIELE | Air Dolomiti Blog","og_description":"Die Internationalen Filmfestspiele von Venedig, eines der renommiertesten Filmfestivals der Welt, ziehen seit ihrer Gr\u00fcndung im August 1932 Filmbegeisterte, Kunstschaffende und Neugierige an.","og_url":"https:\/\/blog.airdolomiti.it\/visitare-venezia-durante-la-mostra-del-cinema\/","og_site_name":"Air Dolomiti Blog","article_publisher":"https:\/\/www.facebook.com\/AirDolomiti\/","article_published_time":"2024-08-07T07:00:43+00:00","article_modified_time":"2024-08-05T12:56:06+00:00","og_image":[{"width":1400,"height":926,"url":"https:\/\/blog.airdolomiti.it\/wp-content\/uploads\/2024\/08\/iStock-2117702185-1.jpg","type":"image\/jpeg"}],"twitter_card":"summary_large_image","twitter_creator":"@Air_Dolomiti","twitter_site":"@Air_Dolomiti","twitter_misc":{"Verfasst von":"Air Dolomiti","Gesch\u00e4tzte Lesezeit":"4\u00a0Minuten"},"schema":{"@context":"https:\/\/schema.org","@graph":[{"@type":"Organization","@id":"https:\/\/blog.airdolomiti.it\/#organization","name":"Air Dolomiti spa","url":"https:\/\/blog.airdolomiti.it\/","sameAs":["https:\/\/www.instagram.com\/airdolomitispa\/","https:\/\/www.facebook.com\/AirDolomiti\/","https:\/\/twitter.com\/Air_Dolomiti"],"logo":{"@type":"ImageObject","inLanguage":"de","@id":"https:\/\/blog.airdolomiti.it\/#\/schema\/logo\/image\/","url":"https:\/\/blog.airdolomiti.it\/wp-content\/uploads\/2018\/01\/dolomiti-logo.jpg","contentUrl":"https:\/\/blog.airdolomiti.it\/wp-content\/uploads\/2018\/01\/dolomiti-logo.jpg","width":512,"height":512,"caption":"Air Dolomiti spa"},"image":{"@id":"https:\/\/blog.airdolomiti.it\/#\/schema\/logo\/image\/"}},{"@type":"WebSite","@id":"https:\/\/blog.airdolomiti.it\/#website","url":"https:\/\/blog.airdolomiti.it\/","name":"Air Dolomiti Blog","description":"ufficiale","publisher":{"@id":"https:\/\/blog.airdolomiti.it\/#organization"},"potentialAction":[{"@type":"SearchAction","target":{"@type":"EntryPoint","urlTemplate":"https:\/\/blog.airdolomiti.it\/?s={search_term_string}"},"query-input":"required name=search_term_string"}],"inLanguage":"de"},{"@type":"ImageObject","inLanguage":"de","@id":"https:\/\/blog.airdolomiti.it\/visitare-venezia-durante-la-mostra-del-cinema\/#primaryimage","url":"https:\/\/blog.airdolomiti.it\/wp-content\/uploads\/2024\/08\/iStock-2117702185-1.jpg","contentUrl":"https:\/\/blog.airdolomiti.it\/wp-content\/uploads\/2024\/08\/iStock-2117702185-1.jpg","width":1400,"height":926},{"@type":"WebPage","@id":"https:\/\/blog.airdolomiti.it\/visitare-venezia-durante-la-mostra-del-cinema\/#webpage","url":"https:\/\/blog.airdolomiti.it\/visitare-venezia-durante-la-mostra-del-cinema\/","name":"VENEDIG IM GLANZ DER FILMFESTSPIELE | Air Dolomiti Blog","isPartOf":{"@id":"https:\/\/blog.airdolomiti.it\/#website"},"primaryImageOfPage":{"@id":"https:\/\/blog.airdolomiti.it\/visitare-venezia-durante-la-mostra-del-cinema\/#primaryimage"},"datePublished":"2024-08-07T07:00:43+00:00","dateModified":"2024-08-05T12:56:06+00:00","description":"Die Internationalen Filmfestspiele von Venedig, eines der renommiertesten Filmfestivals der Welt, ziehen seit ihrer Gr\u00fcndung im August 1932 Filmbegeisterte, Kunstschaffende und Neugierige an.","breadcrumb":{"@id":"https:\/\/blog.airdolomiti.it\/visitare-venezia-durante-la-mostra-del-cinema\/#breadcrumb"},"inLanguage":"de","potentialAction":[{"@type":"ReadAction","target":["https:\/\/blog.airdolomiti.it\/visitare-venezia-durante-la-mostra-del-cinema\/"]}]},{"@type":"BreadcrumbList","@id":"https:\/\/blog.airdolomiti.it\/visitare-venezia-durante-la-mostra-del-cinema\/#breadcrumb","itemListElement":[{"@type":"ListItem","position":1,"name":"Home","item":"https:\/\/blog.airdolomiti.it\/"},{"@type":"ListItem","position":2,"name":"Destinazioni","item":"https:\/\/blog.airdolomiti.it\/category\/destinazioni\/"},{"@type":"ListItem","position":3,"name":"VENEDIG IM GLANZ DER FILMFESTSPIELE"}]},{"@type":"Article","@id":"https:\/\/blog.airdolomiti.it\/visitare-venezia-durante-la-mostra-del-cinema\/#article","isPartOf":{"@id":"https:\/\/blog.airdolomiti.it\/visitare-venezia-durante-la-mostra-del-cinema\/#webpage"},"author":{"@id":"https:\/\/blog.airdolomiti.it\/#\/schema\/person\/58fcd552945b972e5e6ea0a6886a65d4"},"headline":"VENEDIG IM GLANZ DER FILMFESTSPIELE","datePublished":"2024-08-07T07:00:43+00:00","dateModified":"2024-08-05T12:56:06+00:00","mainEntityOfPage":{"@id":"https:\/\/blog.airdolomiti.it\/visitare-venezia-durante-la-mostra-del-cinema\/#webpage"},"wordCount":616,"publisher":{"@id":"https:\/\/blog.airdolomiti.it\/#organization"},"image":{"@id":"https:\/\/blog.airdolomiti.it\/visitare-venezia-durante-la-mostra-del-cinema\/#primaryimage"},"thumbnailUrl":"https:\/\/blog.airdolomiti.it\/wp-content\/uploads\/2024\/08\/iStock-2117702185-1.jpg","keywords":["venedig","Venezia"],"articleSection":["Traumziele"],"inLanguage":"de"},{"@type":"Person","@id":"https:\/\/blog.airdolomiti.it\/#\/schema\/person\/58fcd552945b972e5e6ea0a6886a65d4","name":"Air Dolomiti","image":{"@type":"ImageObject","inLanguage":"de","@id":"https:\/\/blog.airdolomiti.it\/#\/schema\/person\/image\/","url":"https:\/\/blog.airdolomiti.it\/wp-content\/uploads\/2018\/02\/dolomiti-logo_avatar-150x150.jpg","contentUrl":"https:\/\/blog.airdolomiti.it\/wp-content\/uploads\/2018\/02\/dolomiti-logo_avatar-150x150.jpg","caption":"Air Dolomiti"},"description":"Sei appassionato di aviazione e scrittura? Scrivi alla redazione e il nostro prossimo autore potresti essere tu."}]}},"_links":{"self":[{"href":"https:\/\/blog.airdolomiti.it\/de\/wp-json\/wp\/v2\/posts\/5206"}],"collection":[{"href":"https:\/\/blog.airdolomiti.it\/de\/wp-json\/wp\/v2\/posts"}],"about":[{"href":"https:\/\/blog.airdolomiti.it\/de\/wp-json\/wp\/v2\/types\/post"}],"author":[{"embeddable":true,"href":"https:\/\/blog.airdolomiti.it\/de\/wp-json\/wp\/v2\/users\/5"}],"replies":[{"embeddable":true,"href":"https:\/\/blog.airdolomiti.it\/de\/wp-json\/wp\/v2\/comments?post=5206"}],"version-history":[{"count":5,"href":"https:\/\/blog.airdolomiti.it\/de\/wp-json\/wp\/v2\/posts\/5206\/revisions"}],"predecessor-version":[{"id":5219,"href":"https:\/\/blog.airdolomiti.it\/de\/wp-json\/wp\/v2\/posts\/5206\/revisions\/5219"}],"wp:featuredmedia":[{"embeddable":true,"href":"https:\/\/blog.airdolomiti.it\/de\/wp-json\/wp\/v2\/media\/5196"}],"wp:attachment":[{"href":"https:\/\/blog.airdolomiti.it\/de\/wp-json\/wp\/v2\/media?parent=5206"}],"wp:term":[{"taxonomy":"category","embeddable":true,"href":"https:\/\/blog.airdolomiti.it\/de\/wp-json\/wp\/v2\/categories?post=5206"},{"taxonomy":"post_tag","embeddable":true,"href":"https:\/\/blog.airdolomiti.it\/de\/wp-json\/wp\/v2\/tags?post=5206"}],"curies":[{"name":"wp","href":"https:\/\/api.w.org\/{rel}","templated":true}]}}