{"id":5155,"date":"2024-07-31T09:00:15","date_gmt":"2024-07-31T07:00:15","guid":{"rendered":"https:\/\/blog.airdolomiti.it\/?p=5155"},"modified":"2024-07-31T15:24:36","modified_gmt":"2024-07-31T13:24:36","slug":"ab-wann-kann-man-mit-saeuglingen-fliegen","status":"publish","type":"post","link":"https:\/\/blog.airdolomiti.it\/de\/ab-wann-kann-man-mit-saeuglingen-fliegen\/","title":{"rendered":"AB WANN KANN MAN MIT S\u00c4UGLINGEN FLIEGEN? RATSCHL\u00c4GE EINES KINDERARZTES"},"content":{"rendered":"<span class=\"rt-reading-time\" style=\"display: block;\"><span class=\"rt-label rt-prefix\">Reading Time: <\/span> <span class=\"rt-time\">2<\/span> <span class=\"rt-label rt-postfix\">minutes<\/span><\/span><h3>Du hast neun Monate auf seine Ankunft gewartet. Jetzt kannst du es kaum erwarten, endlich mit deinem Baby zu verreisen. Doch bevor du mit einem Neugeborenen eine Flugreise antrittst, solltest du dir \u00fcber ein paar Dinge im Klaren sein.<\/h3>\n<p>Kann man bereits <strong>mit einem S\u00e4ugling eine Flugreise unternehmen<\/strong>? Die Italienische Gesellschaft f\u00fcr P\u00e4diatrie r\u00e4t: \u201e<em>Gesunde und voll ausgetragene S\u00e4uglinge k\u00f6nnen schon 48 Stunden nach der Geburt eine Flugreise antreten, es ist jedoch besser, bis mindestens zum siebten Lebenstag zu warten.<\/em>\u201c<\/p>\n<p>In den ersten Wochen muss sich das Immunsystem der S\u00e4uglinge n\u00e4mlich noch entwickeln und das Infektionsrisiko ist h\u00f6her. Es kommt aber vor, dass Eltern <strong>aus dringenden Gr\u00fcnden verreisen<\/strong> m\u00fcssen. Dann ist es wichtig, sich bestimmte Gedanken im Vorfeld zu machen und die richtigen Vorkehrungen zu treffen.<\/p>\n<h4>Mit wie vielen Wochen kann ein S\u00e4ugling eine Flugreise antreten?<\/h4>\n<p>Es gibt keine genaue Altersgrenze, ab der geflogen werden darf. Viele \u00c4rzte sind der Ansicht, dass S\u00e4uglinge ab einem <strong>Alter von 2 bis 3 Monaten<\/strong> flugtauglich sind, weil dann ihre Knochen fester werden. Nat\u00fcrlich ist jedes Kind anders und jedes hat unterschiedliche Bed\u00fcrfnisse. Es wird daher empfohlen, sich auf den Rat desjenigen Arztes zu verlassen, der das Baby von Geburt an kennt.<\/p>\n<p><img loading=\"lazy\" class=\"aligncenter wp-image-5174 size-large\" src=\"https:\/\/blog.airdolomiti.it\/wp-content\/uploads\/2024\/07\/FB-Widescreen-clean-4-1024x529.png\" alt=\"\" width=\"696\" height=\"360\" srcset=\"https:\/\/blog.airdolomiti.it\/wp-content\/uploads\/2024\/07\/FB-Widescreen-clean-4-1024x529.png 1024w, https:\/\/blog.airdolomiti.it\/wp-content\/uploads\/2024\/07\/FB-Widescreen-clean-4-300x155.png 300w, https:\/\/blog.airdolomiti.it\/wp-content\/uploads\/2024\/07\/FB-Widescreen-clean-4-768x397.png 768w, https:\/\/blog.airdolomiti.it\/wp-content\/uploads\/2024\/07\/FB-Widescreen-clean-4-696x360.png 696w, https:\/\/blog.airdolomiti.it\/wp-content\/uploads\/2024\/07\/FB-Widescreen-clean-4-1068x552.png 1068w, https:\/\/blog.airdolomiti.it\/wp-content\/uploads\/2024\/07\/FB-Widescreen-clean-4.png 1201w\" sizes=\"(max-width: 696px) 100vw, 696px\" \/>Wir haben <strong>Prof. Gaetano Pagnotta<\/strong> um seine Meinung gebeten. Er hat \u00fcber 38 Jahre Berufserfahrung und ist als Facharzt f\u00fcr Kinderorthop\u00e4die am Kinderkrankenhaus \u201eBambino Ges\u00f9\u201c in Rom und in der kinderorthop\u00e4dischen Ambulanz am Institut f\u00fcr Sportmedizin und Sportwissenschaften des Nationalen Olympischen Komitees Italiens (CONI) in Rom t\u00e4tig: <em>\u201eEs gibt keine besonderen Einschr\u00e4nkungen. Nehmen wir einmal an, dass das Kind wegen einer angeborenen orthop\u00e4dischen Erkrankung behandelt wird, zum Beispiel angeborener Klumpfu\u00df oder angeborene H\u00fcftdysplasie, und daher einen Spreizgips oder eine Schiene tr\u00e4gt: Selbst in diesem Fall gibt es keine besonderen Kontraindikationen f\u00fcr das Fliegen.\u201c <\/em><\/p>\n<h5><em>N.B. Achtung: Bei Reisen mit einem Fr\u00fchchen oder einem lungen- oder herzkranken Kind ist es wichtig, vor dem Flug \u00e4rztlichen Rat einzuholen.<br \/>\n<\/em><\/h5>\n<h4>Ein paar Tipps und Gedanken<\/h4>\n<p>Wenn du die Vor\u00fcberlegungen hinter dir hast, geht es bei der Flugreise mit deinem Kind darum, alles gut zu organisieren, damit ihr \u2013 du und auch das Baby \u2013 eine <strong>angenehme und ruhige Reise<\/strong> habt.<\/p>\n<p>Hier ein paar Tipps:<\/p>\n<ul>\n<li>Plane die Reise zu Zeiten, in denen das Baby normalerweise ruhiger ist und eher schl\u00e4ft.<\/li>\n<li>Stillen oder Fl\u00e4schchengeben beim Start und beim Landeanflug hilft deinem Kind, den Druck im Mittelohr zu regulieren. Gut zu wissen: Wenn es sich um Babynahrung handelt, darfst du an Bord mehr als die sonst erlaubten 100 ml mitnehmen. <a href=\"https:\/\/www.airdolomiti.de\/gepaeck\/handgepaeck?utm_source=blog&amp;utm_medium=adv&amp;utm_campaign=Jul_24_&amp;utm_content=article_Pediatra_DE_DTS\" target=\"_blank\" rel=\"noopener\">https:\/\/www.airdolomiti.de\/gepaeck\/handgepaeck.<\/a> &gt;<\/li>\n<li>Eine Windel zum Wechseln und die notwendigen Hygieneartikel f\u00fcr dein Baby solltest du immer griffbereit haben.<\/li>\n<li>Nimm Kleidung zum Wechseln mit an Bord, falls es zu Temperaturschwankungen kommt, dein Baby sich erbricht oder die Windel ausl\u00e4uft.<\/li>\n<\/ul>\n<p>Fazit: Eine Flugreise mit einem Baby ist nicht nur m\u00f6glich, sie kann sogar eine sch\u00f6ne Erfahrung sein. Nicht zuletzt, weil <strong>Air Dolomiti frisch gebackene Eltern und werdende M\u00fctter<\/strong> an Bord seiner Flugzeuge besonders <strong>herzlich und aufmerksam empf\u00e4ngt. <\/strong><\/p>\n","protected":false},"excerpt":{"rendered":"<p>Du hast neun Monate auf seine Ankunft gewartet. Jetzt kannst du es kaum erwarten, endlich mit deinem Baby zu verreisen. Doch bevor du mit einem Neugeborenen eine Flugreise antrittst, solltest du dir \u00fcber ein paar Dinge im Klaren sein. Kann man bereits mit einem S\u00e4ugling eine Flugreise unternehmen? Die Italienische Gesellschaft f\u00fcr P\u00e4diatrie r\u00e4t: \u201eGesunde [&hellip;]<\/p>\n","protected":false},"author":5,"featured_media":5147,"comment_status":"closed","ping_status":"closed","sticky":false,"template":"","format":"standard","meta":[],"categories":[23],"tags":[1095,1085,1086],"acf":[],"yoast_head":"<!-- This site is optimized with the Yoast SEO plugin v19.0 - https:\/\/yoast.com\/wordpress\/plugins\/seo\/ -->\n<title>AB WANN KANN MAN MIT S\u00c4UGLINGEN FLIEGEN? RATSCHL\u00c4GE EINES KINDERARZTES | Air Dolomiti Blog<\/title>\n<meta name=\"description\" content=\"Du hast neun Monate auf seine Ankunft gewartet. Jetzt kannst du es kaum erwarten, endlich mit deinem Baby zu verreisen.\" \/>\n<meta name=\"robots\" content=\"index, follow, max-snippet:-1, max-image-preview:large, max-video-preview:-1\" \/>\n<link rel=\"canonical\" href=\"https:\/\/blog.airdolomiti.it\/de\/ab-wann-kann-man-mit-saeuglingen-fliegen\/\" \/>\n<meta property=\"og:locale\" content=\"de_DE\" \/>\n<meta property=\"og:type\" content=\"article\" \/>\n<meta property=\"og:title\" content=\"AB WANN KANN MAN MIT S\u00c4UGLINGEN FLIEGEN?\" \/>\n<meta property=\"og:description\" content=\"Du hast neun Monate auf seine Ankunft gewartet. Jetzt kannst du es kaum erwarten, endlich mit deinem Baby zu verreisen.\" \/>\n<meta property=\"og:url\" content=\"https:\/\/blog.airdolomiti.it\/de\/ab-wann-kann-man-mit-saeuglingen-fliegen\/\" \/>\n<meta property=\"og:site_name\" content=\"Air Dolomiti Blog\" \/>\n<meta property=\"article:publisher\" content=\"https:\/\/www.facebook.com\/AirDolomiti\/\" \/>\n<meta property=\"article:published_time\" content=\"2024-07-31T07:00:15+00:00\" \/>\n<meta property=\"article:modified_time\" content=\"2024-07-31T13:24:36+00:00\" \/>\n<meta property=\"og:image\" content=\"https:\/\/blog.airdolomiti.it\/wp-content\/uploads\/2024\/07\/FB-Widescreen-6.png\" \/>\n\t<meta property=\"og:image:width\" content=\"1201\" \/>\n\t<meta property=\"og:image:height\" content=\"621\" \/>\n\t<meta property=\"og:image:type\" content=\"image\/png\" \/>\n<meta name=\"twitter:card\" content=\"summary_large_image\" \/>\n<meta name=\"twitter:creator\" content=\"@Air_Dolomiti\" \/>\n<meta name=\"twitter:site\" content=\"@Air_Dolomiti\" \/>\n<meta name=\"twitter:label1\" content=\"Verfasst von\" \/>\n\t<meta name=\"twitter:data1\" content=\"Air Dolomiti\" \/>\n\t<meta name=\"twitter:label2\" content=\"Gesch\u00e4tzte Lesezeit\" \/>\n\t<meta name=\"twitter:data2\" content=\"3\u00a0Minuten\" \/>\n<script type=\"application\/ld+json\" class=\"yoast-schema-graph\">{\"@context\":\"https:\/\/schema.org\",\"@graph\":[{\"@type\":\"Organization\",\"@id\":\"https:\/\/blog.airdolomiti.it\/#organization\",\"name\":\"Air Dolomiti spa\",\"url\":\"https:\/\/blog.airdolomiti.it\/\",\"sameAs\":[\"https:\/\/www.instagram.com\/airdolomitispa\/\",\"https:\/\/www.facebook.com\/AirDolomiti\/\",\"https:\/\/twitter.com\/Air_Dolomiti\"],\"logo\":{\"@type\":\"ImageObject\",\"inLanguage\":\"de\",\"@id\":\"https:\/\/blog.airdolomiti.it\/#\/schema\/logo\/image\/\",\"url\":\"https:\/\/blog.airdolomiti.it\/wp-content\/uploads\/2018\/01\/dolomiti-logo.jpg\",\"contentUrl\":\"https:\/\/blog.airdolomiti.it\/wp-content\/uploads\/2018\/01\/dolomiti-logo.jpg\",\"width\":512,\"height\":512,\"caption\":\"Air Dolomiti spa\"},\"image\":{\"@id\":\"https:\/\/blog.airdolomiti.it\/#\/schema\/logo\/image\/\"}},{\"@type\":\"WebSite\",\"@id\":\"https:\/\/blog.airdolomiti.it\/#website\",\"url\":\"https:\/\/blog.airdolomiti.it\/\",\"name\":\"Air Dolomiti Blog\",\"description\":\"ufficiale\",\"publisher\":{\"@id\":\"https:\/\/blog.airdolomiti.it\/#organization\"},\"potentialAction\":[{\"@type\":\"SearchAction\",\"target\":{\"@type\":\"EntryPoint\",\"urlTemplate\":\"https:\/\/blog.airdolomiti.it\/?s={search_term_string}\"},\"query-input\":\"required name=search_term_string\"}],\"inLanguage\":\"de\"},{\"@type\":\"ImageObject\",\"inLanguage\":\"de\",\"@id\":\"https:\/\/blog.airdolomiti.it\/de\/ab-wann-kann-man-mit-saeuglingen-fliegen\/#primaryimage\",\"url\":\"https:\/\/blog.airdolomiti.it\/wp-content\/uploads\/2024\/07\/FB-Widescreen-6.png\",\"contentUrl\":\"https:\/\/blog.airdolomiti.it\/wp-content\/uploads\/2024\/07\/FB-Widescreen-6.png\",\"width\":1201,\"height\":621},{\"@type\":\"WebPage\",\"@id\":\"https:\/\/blog.airdolomiti.it\/de\/ab-wann-kann-man-mit-saeuglingen-fliegen\/#webpage\",\"url\":\"https:\/\/blog.airdolomiti.it\/de\/ab-wann-kann-man-mit-saeuglingen-fliegen\/\",\"name\":\"AB WANN KANN MAN MIT S\u00c4UGLINGEN FLIEGEN? RATSCHL\u00c4GE EINES KINDERARZTES | Air Dolomiti Blog\",\"isPartOf\":{\"@id\":\"https:\/\/blog.airdolomiti.it\/#website\"},\"primaryImageOfPage\":{\"@id\":\"https:\/\/blog.airdolomiti.it\/de\/ab-wann-kann-man-mit-saeuglingen-fliegen\/#primaryimage\"},\"datePublished\":\"2024-07-31T07:00:15+00:00\",\"dateModified\":\"2024-07-31T13:24:36+00:00\",\"description\":\"Du hast neun Monate auf seine Ankunft gewartet. Jetzt kannst du es kaum erwarten, endlich mit deinem Baby zu verreisen.\",\"breadcrumb\":{\"@id\":\"https:\/\/blog.airdolomiti.it\/de\/ab-wann-kann-man-mit-saeuglingen-fliegen\/#breadcrumb\"},\"inLanguage\":\"de\",\"potentialAction\":[{\"@type\":\"ReadAction\",\"target\":[\"https:\/\/blog.airdolomiti.it\/de\/ab-wann-kann-man-mit-saeuglingen-fliegen\/\"]}]},{\"@type\":\"BreadcrumbList\",\"@id\":\"https:\/\/blog.airdolomiti.it\/de\/ab-wann-kann-man-mit-saeuglingen-fliegen\/#breadcrumb\",\"itemListElement\":[{\"@type\":\"ListItem\",\"position\":1,\"name\":\"Home\",\"item\":\"https:\/\/blog.airdolomiti.it\/\"},{\"@type\":\"ListItem\",\"position\":2,\"name\":\"Travellers\",\"item\":\"https:\/\/blog.airdolomiti.it\/category\/travellers\/\"},{\"@type\":\"ListItem\",\"position\":3,\"name\":\"AB WANN KANN MAN MIT S\u00c4UGLINGEN FLIEGEN? RATSCHL\u00c4GE EINES KINDERARZTES\"}]},{\"@type\":\"Article\",\"@id\":\"https:\/\/blog.airdolomiti.it\/de\/ab-wann-kann-man-mit-saeuglingen-fliegen\/#article\",\"isPartOf\":{\"@id\":\"https:\/\/blog.airdolomiti.it\/de\/ab-wann-kann-man-mit-saeuglingen-fliegen\/#webpage\"},\"author\":{\"@id\":\"https:\/\/blog.airdolomiti.it\/#\/schema\/person\/58fcd552945b972e5e6ea0a6886a65d4\"},\"headline\":\"AB WANN KANN MAN MIT S\u00c4UGLINGEN FLIEGEN? RATSCHL\u00c4GE EINES KINDERARZTES\",\"datePublished\":\"2024-07-31T07:00:15+00:00\",\"dateModified\":\"2024-07-31T13:24:36+00:00\",\"mainEntityOfPage\":{\"@id\":\"https:\/\/blog.airdolomiti.it\/de\/ab-wann-kann-man-mit-saeuglingen-fliegen\/#webpage\"},\"wordCount\":531,\"publisher\":{\"@id\":\"https:\/\/blog.airdolomiti.it\/#organization\"},\"image\":{\"@id\":\"https:\/\/blog.airdolomiti.it\/de\/ab-wann-kann-man-mit-saeuglingen-fliegen\/#primaryimage\"},\"thumbnailUrl\":\"https:\/\/blog.airdolomiti.it\/wp-content\/uploads\/2024\/07\/FB-Widescreen-6.png\",\"keywords\":[\"Baby\",\"bambini\",\"children\"],\"articleSection\":[\"Travellers\"],\"inLanguage\":\"de\"},{\"@type\":\"Person\",\"@id\":\"https:\/\/blog.airdolomiti.it\/#\/schema\/person\/58fcd552945b972e5e6ea0a6886a65d4\",\"name\":\"Air Dolomiti\",\"image\":{\"@type\":\"ImageObject\",\"inLanguage\":\"de\",\"@id\":\"https:\/\/blog.airdolomiti.it\/#\/schema\/person\/image\/\",\"url\":\"https:\/\/blog.airdolomiti.it\/wp-content\/uploads\/2018\/02\/dolomiti-logo_avatar-150x150.jpg\",\"contentUrl\":\"https:\/\/blog.airdolomiti.it\/wp-content\/uploads\/2018\/02\/dolomiti-logo_avatar-150x150.jpg\",\"caption\":\"Air Dolomiti\"},\"description\":\"Sei appassionato di aviazione e scrittura? Scrivi alla redazione e il nostro prossimo autore potresti essere tu.\"}]}<\/script>\n<!-- \/ Yoast SEO plugin. -->","yoast_head_json":{"title":"AB WANN KANN MAN MIT S\u00c4UGLINGEN FLIEGEN? RATSCHL\u00c4GE EINES KINDERARZTES | Air Dolomiti Blog","description":"Du hast neun Monate auf seine Ankunft gewartet. Jetzt kannst du es kaum erwarten, endlich mit deinem Baby zu verreisen.","robots":{"index":"index","follow":"follow","max-snippet":"max-snippet:-1","max-image-preview":"max-image-preview:large","max-video-preview":"max-video-preview:-1"},"canonical":"https:\/\/blog.airdolomiti.it\/de\/ab-wann-kann-man-mit-saeuglingen-fliegen\/","og_locale":"de_DE","og_type":"article","og_title":"AB WANN KANN MAN MIT S\u00c4UGLINGEN FLIEGEN?","og_description":"Du hast neun Monate auf seine Ankunft gewartet. Jetzt kannst du es kaum erwarten, endlich mit deinem Baby zu verreisen.","og_url":"https:\/\/blog.airdolomiti.it\/de\/ab-wann-kann-man-mit-saeuglingen-fliegen\/","og_site_name":"Air Dolomiti Blog","article_publisher":"https:\/\/www.facebook.com\/AirDolomiti\/","article_published_time":"2024-07-31T07:00:15+00:00","article_modified_time":"2024-07-31T13:24:36+00:00","og_image":[{"width":1201,"height":621,"url":"https:\/\/blog.airdolomiti.it\/wp-content\/uploads\/2024\/07\/FB-Widescreen-6.png","type":"image\/png"}],"twitter_card":"summary_large_image","twitter_creator":"@Air_Dolomiti","twitter_site":"@Air_Dolomiti","twitter_misc":{"Verfasst von":"Air Dolomiti","Gesch\u00e4tzte Lesezeit":"3\u00a0Minuten"},"schema":{"@context":"https:\/\/schema.org","@graph":[{"@type":"Organization","@id":"https:\/\/blog.airdolomiti.it\/#organization","name":"Air Dolomiti spa","url":"https:\/\/blog.airdolomiti.it\/","sameAs":["https:\/\/www.instagram.com\/airdolomitispa\/","https:\/\/www.facebook.com\/AirDolomiti\/","https:\/\/twitter.com\/Air_Dolomiti"],"logo":{"@type":"ImageObject","inLanguage":"de","@id":"https:\/\/blog.airdolomiti.it\/#\/schema\/logo\/image\/","url":"https:\/\/blog.airdolomiti.it\/wp-content\/uploads\/2018\/01\/dolomiti-logo.jpg","contentUrl":"https:\/\/blog.airdolomiti.it\/wp-content\/uploads\/2018\/01\/dolomiti-logo.jpg","width":512,"height":512,"caption":"Air Dolomiti spa"},"image":{"@id":"https:\/\/blog.airdolomiti.it\/#\/schema\/logo\/image\/"}},{"@type":"WebSite","@id":"https:\/\/blog.airdolomiti.it\/#website","url":"https:\/\/blog.airdolomiti.it\/","name":"Air Dolomiti Blog","description":"ufficiale","publisher":{"@id":"https:\/\/blog.airdolomiti.it\/#organization"},"potentialAction":[{"@type":"SearchAction","target":{"@type":"EntryPoint","urlTemplate":"https:\/\/blog.airdolomiti.it\/?s={search_term_string}"},"query-input":"required name=search_term_string"}],"inLanguage":"de"},{"@type":"ImageObject","inLanguage":"de","@id":"https:\/\/blog.airdolomiti.it\/de\/ab-wann-kann-man-mit-saeuglingen-fliegen\/#primaryimage","url":"https:\/\/blog.airdolomiti.it\/wp-content\/uploads\/2024\/07\/FB-Widescreen-6.png","contentUrl":"https:\/\/blog.airdolomiti.it\/wp-content\/uploads\/2024\/07\/FB-Widescreen-6.png","width":1201,"height":621},{"@type":"WebPage","@id":"https:\/\/blog.airdolomiti.it\/de\/ab-wann-kann-man-mit-saeuglingen-fliegen\/#webpage","url":"https:\/\/blog.airdolomiti.it\/de\/ab-wann-kann-man-mit-saeuglingen-fliegen\/","name":"AB WANN KANN MAN MIT S\u00c4UGLINGEN FLIEGEN? RATSCHL\u00c4GE EINES KINDERARZTES | Air Dolomiti Blog","isPartOf":{"@id":"https:\/\/blog.airdolomiti.it\/#website"},"primaryImageOfPage":{"@id":"https:\/\/blog.airdolomiti.it\/de\/ab-wann-kann-man-mit-saeuglingen-fliegen\/#primaryimage"},"datePublished":"2024-07-31T07:00:15+00:00","dateModified":"2024-07-31T13:24:36+00:00","description":"Du hast neun Monate auf seine Ankunft gewartet. Jetzt kannst du es kaum erwarten, endlich mit deinem Baby zu verreisen.","breadcrumb":{"@id":"https:\/\/blog.airdolomiti.it\/de\/ab-wann-kann-man-mit-saeuglingen-fliegen\/#breadcrumb"},"inLanguage":"de","potentialAction":[{"@type":"ReadAction","target":["https:\/\/blog.airdolomiti.it\/de\/ab-wann-kann-man-mit-saeuglingen-fliegen\/"]}]},{"@type":"BreadcrumbList","@id":"https:\/\/blog.airdolomiti.it\/de\/ab-wann-kann-man-mit-saeuglingen-fliegen\/#breadcrumb","itemListElement":[{"@type":"ListItem","position":1,"name":"Home","item":"https:\/\/blog.airdolomiti.it\/"},{"@type":"ListItem","position":2,"name":"Travellers","item":"https:\/\/blog.airdolomiti.it\/category\/travellers\/"},{"@type":"ListItem","position":3,"name":"AB WANN KANN MAN MIT S\u00c4UGLINGEN FLIEGEN? RATSCHL\u00c4GE EINES KINDERARZTES"}]},{"@type":"Article","@id":"https:\/\/blog.airdolomiti.it\/de\/ab-wann-kann-man-mit-saeuglingen-fliegen\/#article","isPartOf":{"@id":"https:\/\/blog.airdolomiti.it\/de\/ab-wann-kann-man-mit-saeuglingen-fliegen\/#webpage"},"author":{"@id":"https:\/\/blog.airdolomiti.it\/#\/schema\/person\/58fcd552945b972e5e6ea0a6886a65d4"},"headline":"AB WANN KANN MAN MIT S\u00c4UGLINGEN FLIEGEN? RATSCHL\u00c4GE EINES KINDERARZTES","datePublished":"2024-07-31T07:00:15+00:00","dateModified":"2024-07-31T13:24:36+00:00","mainEntityOfPage":{"@id":"https:\/\/blog.airdolomiti.it\/de\/ab-wann-kann-man-mit-saeuglingen-fliegen\/#webpage"},"wordCount":531,"publisher":{"@id":"https:\/\/blog.airdolomiti.it\/#organization"},"image":{"@id":"https:\/\/blog.airdolomiti.it\/de\/ab-wann-kann-man-mit-saeuglingen-fliegen\/#primaryimage"},"thumbnailUrl":"https:\/\/blog.airdolomiti.it\/wp-content\/uploads\/2024\/07\/FB-Widescreen-6.png","keywords":["Baby","bambini","children"],"articleSection":["Travellers"],"inLanguage":"de"},{"@type":"Person","@id":"https:\/\/blog.airdolomiti.it\/#\/schema\/person\/58fcd552945b972e5e6ea0a6886a65d4","name":"Air Dolomiti","image":{"@type":"ImageObject","inLanguage":"de","@id":"https:\/\/blog.airdolomiti.it\/#\/schema\/person\/image\/","url":"https:\/\/blog.airdolomiti.it\/wp-content\/uploads\/2018\/02\/dolomiti-logo_avatar-150x150.jpg","contentUrl":"https:\/\/blog.airdolomiti.it\/wp-content\/uploads\/2018\/02\/dolomiti-logo_avatar-150x150.jpg","caption":"Air Dolomiti"},"description":"Sei appassionato di aviazione e scrittura? Scrivi alla redazione e il nostro prossimo autore potresti essere tu."}]}},"_links":{"self":[{"href":"https:\/\/blog.airdolomiti.it\/de\/wp-json\/wp\/v2\/posts\/5155"}],"collection":[{"href":"https:\/\/blog.airdolomiti.it\/de\/wp-json\/wp\/v2\/posts"}],"about":[{"href":"https:\/\/blog.airdolomiti.it\/de\/wp-json\/wp\/v2\/types\/post"}],"author":[{"embeddable":true,"href":"https:\/\/blog.airdolomiti.it\/de\/wp-json\/wp\/v2\/users\/5"}],"replies":[{"embeddable":true,"href":"https:\/\/blog.airdolomiti.it\/de\/wp-json\/wp\/v2\/comments?post=5155"}],"version-history":[{"count":7,"href":"https:\/\/blog.airdolomiti.it\/de\/wp-json\/wp\/v2\/posts\/5155\/revisions"}],"predecessor-version":[{"id":5179,"href":"https:\/\/blog.airdolomiti.it\/de\/wp-json\/wp\/v2\/posts\/5155\/revisions\/5179"}],"wp:featuredmedia":[{"embeddable":true,"href":"https:\/\/blog.airdolomiti.it\/de\/wp-json\/wp\/v2\/media\/5147"}],"wp:attachment":[{"href":"https:\/\/blog.airdolomiti.it\/de\/wp-json\/wp\/v2\/media?parent=5155"}],"wp:term":[{"taxonomy":"category","embeddable":true,"href":"https:\/\/blog.airdolomiti.it\/de\/wp-json\/wp\/v2\/categories?post=5155"},{"taxonomy":"post_tag","embeddable":true,"href":"https:\/\/blog.airdolomiti.it\/de\/wp-json\/wp\/v2\/tags?post=5155"}],"curies":[{"name":"wp","href":"https:\/\/api.w.org\/{rel}","templated":true}]}}